{"id":5384,"date":"2023-01-19T20:43:00","date_gmt":"2023-01-19T19:43:00","guid":{"rendered":"https:\/\/nziria.com\/?p=5384"},"modified":"2025-09-13T15:33:35","modified_gmt":"2025-09-13T13:33:35","slug":"dracula","status":"publish","type":"post","link":"https:\/\/nziria.com\/it\/dracula\/","title":{"rendered":"Il Dracula italiano: due chiacchiere con il suo straordinario interprete"},"content":{"rendered":"<h4><strong>VLAD DRACULA<\/strong> arriva nei maggiori teatri italiani, uno spettacolo innovativo che fonde prosa e musical attraverso una drammaturgia di tipo cinematografico.<\/h4>\n<p>Pur rifacendosi all\u2019opera originale di Bram Stoker, Vlad Dracula \u00e8 molto pi\u00f9 di una semplice rivisitazione in chiave moderna del celebre romanzo dello scrittore irlandese.\nSi tratta piuttosto di una trasposizione dall'ambientazione goth\/steampunk, orchestrata dall'abile regia di <strong>Ario Avecone<\/strong> e impreziosita dalle musiche inedite scritte da<strong> Simone Martino<\/strong>, <strong>Ario Avecone e Manuela Scotto Pagliara,<\/strong>\u00a0capace di creare forti rimandi con la societ\u00e0 post-industriale contemporanea.<\/p>\n<p>Uno spettacolo che pu\u00f2 vantare una trama ricca di colpi di scena, dove il tempo e l'amore sono i protagonisti immaginari di un viaggio spirituale che spinge lo spettatore a riflettere sulla realt\u00e0 fino ad emozionarlo positivamente. Molti gli effetti scenografici presenti in scena, tutti di ultima generazione e di forte impatto sia sonoro che visivo, in grado di tenere incollato al palco l'occhio del pubblico.<\/p>\n<p>NZiria magazine ha avuto l'onore di assistere alla prima dello spettacolo al Teatro Augusteo di Salerno e di intervestirare il protagonista <strong>Giorgio Adamo.<\/strong> Ecco cosa gli abbiamo chiesto:<\/p>\n<p>&nbsp;<\/p>\n<p><strong>L'INTERVISTA A GIORGIO ADAMO<\/strong><\/p>\n<p><strong><a href=\"https:\/\/nziria.com\/wp-content\/uploads\/2023\/01\/giorgio-adamo-articolo-nziria-magazine-.jpg\"><img loading=\"lazy\" decoding=\"async\" class=\"wp-image-5484 alignleft\" src=\"https:\/\/nziria.com\/wp-content\/uploads\/2023\/01\/giorgio-adamo-articolo-nziria-magazine--694x1024.jpg\" alt=\"Giorgio Adamo artist,\" width=\"348\" height=\"513\" srcset=\"https:\/\/nziria.com\/wp-content\/uploads\/2023\/01\/giorgio-adamo-articolo-nziria-magazine--694x1024.jpg 694w, https:\/\/nziria.com\/wp-content\/uploads\/2023\/01\/giorgio-adamo-articolo-nziria-magazine--203x300.jpg 203w, https:\/\/nziria.com\/wp-content\/uploads\/2023\/01\/giorgio-adamo-articolo-nziria-magazine--768x1133.jpg 768w, https:\/\/nziria.com\/wp-content\/uploads\/2023\/01\/giorgio-adamo-articolo-nziria-magazine--8x12.jpg 8w, https:\/\/nziria.com\/wp-content\/uploads\/2023\/01\/giorgio-adamo-articolo-nziria-magazine-.jpg 842w\" sizes=\"auto, (max-width: 348px) 100vw, 348px\" \/><\/a><\/strong><\/p>\n<p><strong>- Giorgio, cosa provi ogni volta che ti esibisci?<\/strong><\/p>\n<p>L'emozione forte non manca mai. La tensione \u00e8 sempre alta e il brivido del pre-show riesce ancora a crearmi quello stato di vulnerabilit\u00e0 dovuto all'esposizione, alla responsabilit\u00e0 che ti porti sulle spalle e all'universo emotivo interiore che caratterizza ognuno di noi. Mi basta mettere il piede sul palco per avviare la trasformazione; tutto diventa ovattato, entro appieno nell'atmosfera che mi avvolge e la bolla interpretativa mi rende immune a tutte le paure. In quel momento SONO ci\u00f2 che porto in scena e l'incantesimo persiste fino alla chiusura del sipario.<\/p>\n<p><strong>-Cosa \u00e8 per te il musical? Quando hai iniziato e hai capito che era la tua strada?<\/strong><br \/>\nIl musical \u00e8 l'opportunit\u00e0 di esprimersi a 360\u00b0 gradi. \u00c8 una disciplina completa che coinvolge il corpo, la mente, la parola, il canto, la tecnica, la meccanica e tanto tanto altro e crea una catena umana di cooperazione senza eguali. Ho cominciato come frontman rock, ma sentivo che avevo bisogno di tirare fuori qualcosa che scalpitava dentro di me. Feci un provino quasi per gioco, venni scelto come co-protagonista e da quel momento mi sono sentito appagato. Il teatro mi ha dato quel qualcosa in pi\u00f9 che ricercavo.<\/p>\n<p>&nbsp;<\/p>\n<p><strong>-Hai altri progetti in cantiere?<\/strong><\/p>\n<p style=\"text-align: left;\"><a href=\"https:\/\/www.youtube.com\/watch?v=Qqy1hw1FmNI\" target=\"_blank\" rel=\"noopener\"><img loading=\"lazy\" decoding=\"async\" class=\"wp-image-5447 alignright\" src=\"https:\/\/nziria.com\/wp-content\/uploads\/2023\/02\/nziria-draculia-1024x1024.jpeg\" alt=\"young geriatrix Nziria artist\" width=\"333\" height=\"333\" srcset=\"https:\/\/nziria.com\/wp-content\/uploads\/2023\/02\/nziria-draculia-1024x1024.jpeg 1024w, https:\/\/nziria.com\/wp-content\/uploads\/2023\/02\/nziria-draculia-300x300.jpeg 300w, https:\/\/nziria.com\/wp-content\/uploads\/2023\/02\/nziria-draculia-150x150.jpeg 150w, https:\/\/nziria.com\/wp-content\/uploads\/2023\/02\/nziria-draculia-768x768.jpeg 768w, https:\/\/nziria.com\/wp-content\/uploads\/2023\/02\/nziria-draculia-1536x1536.jpeg 1536w, https:\/\/nziria.com\/wp-content\/uploads\/2023\/02\/nziria-draculia-12x12.jpeg 12w, https:\/\/nziria.com\/wp-content\/uploads\/2023\/02\/nziria-draculia-1320x1320.jpeg 1320w, https:\/\/nziria.com\/wp-content\/uploads\/2023\/02\/nziria-draculia.jpeg 1600w\" sizes=\"auto, (max-width: 333px) 100vw, 333px\" \/><\/a><\/p>\n<p>&nbsp;<\/p>\n<p style=\"text-align: left;\">Al momento penso a VLAD DRACULA con la speranza di replicarlo nella stagione prossima perch\u00e9 \u00e8 un progetto che mi ha coinvolto particolarmente. Al contempo mi dedico alla mia musica. \u00c8 uscito da poco il mio singolo <strong>GIOVANE GERIATRIA<\/strong> u tutte le piattaforme digitali, prodotto insieme a Fabio Codega e distribuito da Ingrooves per Joseba Label. \u00c8 fuori anche\u00a0 <a href=\"https:\/\/www.youtube.com\/watch?v=Qqy1hw1FmNI\" target=\"_blank\" rel=\"noopener\">videoclip su YouTube<\/a> diretto dalla pregevole cantautrice e videomaker <strong>DENISE GALDO<\/strong> C'\u00e8 un disco in lavorazione e tante belle prospettive.<\/p>\n<p>&nbsp;<\/p>\n<p>&nbsp;<\/p>\n<p>&nbsp;<\/p>\n<p><strong>IL CAST:<\/strong><\/p>\n<p><a href=\"https:\/\/nziria.com\/wp-content\/uploads\/2023\/01\/IMG_2477-dimensioni-piccole.jpeg\"><img loading=\"lazy\" decoding=\"async\" class=\"wp-image-5473 alignleft\" src=\"https:\/\/nziria.com\/wp-content\/uploads\/2023\/01\/IMG_2477-dimensioni-piccole.jpeg\" alt=\"salerno teatro augusteo_nziria\" width=\"434\" height=\"293\" srcset=\"https:\/\/nziria.com\/wp-content\/uploads\/2023\/01\/IMG_2477-dimensioni-piccole.jpeg 320w, https:\/\/nziria.com\/wp-content\/uploads\/2023\/01\/IMG_2477-dimensioni-piccole-300x203.jpeg 300w, https:\/\/nziria.com\/wp-content\/uploads\/2023\/01\/IMG_2477-dimensioni-piccole-18x12.jpeg 18w\" sizes=\"auto, (max-width: 434px) 100vw, 434px\" \/><\/a>L'intero cast di Vlad Dracula \u00e8 composto da eccellenze artistiche italiane ed interpreti di esperienza e conclamato talento:<\/p>\n<p><strong>GINEPRO CRISTIANO | ARIANNA | GIORGIO ADAMO | MARCHIO STABILE | CHIARA VERGASSOLA<\/strong><\/p>\n<p>scritto da <strong>Ario Avecone<\/strong> e <strong>Manuela Scotto Pagliara<\/strong><br \/>\nmusiche di <strong>Simone Martino<\/strong>, <strong>Ario Avecone<\/strong> e <strong>Manuela Scotto Pagliara<\/strong><\/p>\n<p>col <strong>ANTONIO MELISSA | VALENTINA NASELLI | PAOLO GATTI | JACOPO SICCARDI | DARIO GUIDI<\/strong><\/p>\n<p>insieme a <strong>Anna Gargiulo| Alessandro Carradori| Luca Nencetti | Federico Mosca<\/strong><\/p>\n<p>Aiuto Regia e Dinamica scenica\u00a0<strong>Antonio Melissa<\/strong><br \/>\nScenografia <strong>Michele Lubrano Lavadera<\/strong> e <strong>Ario Avecone<\/strong><br \/>\nCostumi <strong>Myriam Somma<\/strong> I luci <strong>Alessandro Caso<\/strong><br \/>\nIstruttore di canto <strong>Adriano Scappini<\/strong> \/ Allenatore di recitazione <strong>Antonio Speranza<\/strong><br \/>\nAmministrazione di Compagnia\u00a0\u00a0<strong>Rossella Massari<\/strong><\/p>\n<p><strong>Antonio Speranza\/\u00a0<\/strong>Scenotecnica\u00a0Dietro le quinte<br \/>\nprenotazioni e marketing <strong>Giovanna Gattino<\/strong> \/ coordinatore tecnico <strong>Alessandro Caso<\/strong><br \/>\nDirezione Tecnica <strong>Antonio Buonincontri<\/strong><br \/>\nSarta di scena <strong>Adelaide D&#039;Ago<\/strong> \/ <strong>Eolo Perfido<\/strong> Foto di scena <strong>Adriano Criscuolo<\/strong> e <strong>Valerio De Felicis<\/strong><br \/>\nvideo<strong> Guglielmo Lipari<\/strong> e <strong>Alfonso Ruggero<\/strong> tudio di registrazione\u00a0Trees Studio \/\u00a0Web Editing\u00a0 <strong>Fotoacris<\/strong> e <strong>Giampietro Marra<\/strong><br \/>\nUfficio Stampa <strong>Lia Chirici <em>VerbaVolant<\/em><\/strong><\/p>\n<p><strong>LAVORO MUSICALE<\/strong> produzione<\/p>\n<p>Sul palco un allestimento tecnico e scenografico innovativo e spettacolare, ricco di effetti luce efficaci e dal forte impatto che avvolgeranno e cattureranno gli spettatori in sala.<\/p>\n<p>Sito ufficiale:<\/p>\n<p><a href=\"https:\/\/www.draculamusical.it\" target=\"_blank\" rel=\"noopener\">draculamusical.it<\/a><\/p>\n<p>&nbsp;<\/p>","protected":false},"excerpt":{"rendered":"<p>Arriva nei maggiori teatri italiani VLAD DRACULA, uno spettacolo innovativo che fonde prosa e<\/p>","protected":false},"author":1,"featured_media":5449,"comment_status":"closed","ping_status":"closed","sticky":false,"template":"","format":"standard","meta":{"footnotes":""},"categories":[29],"tags":[],"class_list":["post-5384","post","type-post","status-publish","format-standard","has-post-thumbnail","hentry","category-nziria-music-insights"],"yoast_head":"<!-- This site is optimized with the Yoast SEO plugin v27.5 - https:\/\/yoast.com\/product\/yoast-seo-wordpress\/ -->\n<title>Giorgio Adamo - The Italian Dracula - NZIRIA\u00ae Magazine<\/title>\n<meta name=\"description\" content=\"VLAD DRACULA arrives in the major Italian theaters, an innovative show that blends prose and musicals through a cinematographic dramaturgy.\" \/>\n<meta name=\"robots\" content=\"index, follow, max-snippet:-1, max-image-preview:large, max-video-preview:-1\" \/>\n<link rel=\"canonical\" href=\"https:\/\/nziria.com\/it\/dracula\/\" \/>\n<meta property=\"og:locale\" content=\"it_IT\" \/>\n<meta property=\"og:type\" content=\"article\" \/>\n<meta property=\"og:title\" content=\"Giorgio Adamo - The Italian Dracula - NZIRIA\u00ae Magazine\" \/>\n<meta property=\"og:description\" content=\"VLAD DRACULA arrives in the major Italian theaters, an innovative show that blends prose and musicals through a cinematographic dramaturgy.\" \/>\n<meta property=\"og:url\" content=\"https:\/\/nziria.com\/it\/dracula\/\" \/>\n<meta property=\"og:site_name\" content=\"NZIRIA\u00ae\" \/>\n<meta property=\"article:publisher\" content=\"https:\/\/www.facebook.com\/nziriagroup\" \/>\n<meta property=\"article:published_time\" content=\"2023-01-19T19:43:00+00:00\" \/>\n<meta property=\"article:modified_time\" content=\"2025-09-13T13:33:35+00:00\" \/>\n<meta property=\"og:image\" content=\"https:\/\/nziria.com\/wp-content\/uploads\/2023\/02\/nziria-dracula-a-nziria-dracula-28-at-nziria-dracula2.34.nziria-dracula9.jpeg\" \/>\n\t<meta property=\"og:image:width\" content=\"1500\" \/>\n\t<meta property=\"og:image:height\" content=\"1000\" \/>\n\t<meta property=\"og:image:type\" content=\"image\/jpeg\" \/>\n<meta name=\"author\" content=\"nziria\" \/>\n<meta name=\"twitter:card\" content=\"summary_large_image\" \/>\n<meta name=\"twitter:creator\" content=\"@NZIRIAgroup\" \/>\n<meta name=\"twitter:site\" content=\"@NZIRIAgroup\" \/>\n<meta name=\"twitter:label1\" content=\"Scritto da\" \/>\n\t<meta name=\"twitter:data1\" content=\"nziria\" \/>\n\t<meta name=\"twitter:label2\" content=\"Tempo di lettura stimato\" \/>\n\t<meta name=\"twitter:data2\" content=\"4 minuti\" \/>\n<script type=\"application\/ld+json\" class=\"yoast-schema-graph\">{\"@context\":\"https:\\\/\\\/schema.org\",\"@graph\":[{\"@type\":\"Article\",\"@id\":\"https:\\\/\\\/nziria.com\\\/dracula\\\/#article\",\"isPartOf\":{\"@id\":\"https:\\\/\\\/nziria.com\\\/dracula\\\/\"},\"author\":{\"name\":\"nziria\",\"@id\":\"https:\\\/\\\/nziria.com\\\/#\\\/schema\\\/person\\\/15ec4037bb01ba8f27b5be86004e2e2c\"},\"headline\":\"The Italian Dracula: a chat with its amazing performer\",\"datePublished\":\"2023-01-19T19:43:00+00:00\",\"dateModified\":\"2025-09-13T13:33:35+00:00\",\"mainEntityOfPage\":{\"@id\":\"https:\\\/\\\/nziria.com\\\/dracula\\\/\"},\"wordCount\":712,\"publisher\":{\"@id\":\"https:\\\/\\\/nziria.com\\\/#organization\"},\"image\":{\"@id\":\"https:\\\/\\\/nziria.com\\\/dracula\\\/#primaryimage\"},\"thumbnailUrl\":\"https:\\\/\\\/nziria.com\\\/wp-content\\\/uploads\\\/2023\\\/02\\\/nziria-dracula-a-nziria-dracula-28-at-nziria-dracula2.34.nziria-dracula9.jpeg\",\"articleSection\":[\"Music\"],\"inLanguage\":\"it-IT\"},{\"@type\":\"WebPage\",\"@id\":\"https:\\\/\\\/nziria.com\\\/dracula\\\/\",\"url\":\"https:\\\/\\\/nziria.com\\\/dracula\\\/\",\"name\":\"Giorgio Adamo - The Italian Dracula - NZIRIA\u00ae Magazine\",\"isPartOf\":{\"@id\":\"https:\\\/\\\/nziria.com\\\/#website\"},\"primaryImageOfPage\":{\"@id\":\"https:\\\/\\\/nziria.com\\\/dracula\\\/#primaryimage\"},\"image\":{\"@id\":\"https:\\\/\\\/nziria.com\\\/dracula\\\/#primaryimage\"},\"thumbnailUrl\":\"https:\\\/\\\/nziria.com\\\/wp-content\\\/uploads\\\/2023\\\/02\\\/nziria-dracula-a-nziria-dracula-28-at-nziria-dracula2.34.nziria-dracula9.jpeg\",\"datePublished\":\"2023-01-19T19:43:00+00:00\",\"dateModified\":\"2025-09-13T13:33:35+00:00\",\"description\":\"VLAD DRACULA arrives in the major Italian theaters, an innovative show that blends prose and musicals through a cinematographic dramaturgy.\",\"breadcrumb\":{\"@id\":\"https:\\\/\\\/nziria.com\\\/dracula\\\/#breadcrumb\"},\"inLanguage\":\"it-IT\",\"potentialAction\":[{\"@type\":\"ReadAction\",\"target\":[\"https:\\\/\\\/nziria.com\\\/dracula\\\/\"]}]},{\"@type\":\"ImageObject\",\"inLanguage\":\"it-IT\",\"@id\":\"https:\\\/\\\/nziria.com\\\/dracula\\\/#primaryimage\",\"url\":\"https:\\\/\\\/nziria.com\\\/wp-content\\\/uploads\\\/2023\\\/02\\\/nziria-dracula-a-nziria-dracula-28-at-nziria-dracula2.34.nziria-dracula9.jpeg\",\"contentUrl\":\"https:\\\/\\\/nziria.com\\\/wp-content\\\/uploads\\\/2023\\\/02\\\/nziria-dracula-a-nziria-dracula-28-at-nziria-dracula2.34.nziria-dracula9.jpeg\",\"width\":1500,\"height\":1000,\"caption\":\"NZIRIA DRACULA NZIRIA Giorgio Adamo The Italian Dracula: a chat with its amazing performer artist, Salerno\"},{\"@type\":\"BreadcrumbList\",\"@id\":\"https:\\\/\\\/nziria.com\\\/dracula\\\/#breadcrumb\",\"itemListElement\":[{\"@type\":\"ListItem\",\"position\":1,\"name\":\"Home\",\"item\":\"https:\\\/\\\/nziria.com\\\/\"},{\"@type\":\"ListItem\",\"position\":2,\"name\":\"Music\",\"item\":\"https:\\\/\\\/nziria.com\\\/category\\\/nziria-music-insights\\\/\"},{\"@type\":\"ListItem\",\"position\":3,\"name\":\"The Italian Dracula: a chat with its amazing performer\"}]},{\"@type\":\"WebSite\",\"@id\":\"https:\\\/\\\/nziria.com\\\/#website\",\"url\":\"https:\\\/\\\/nziria.com\\\/\",\"name\":\"NZIRIA\u00ae Official Cultural Brand and Independent Magazine Since 2004\",\"description\":\"Official Cultural Brand, Magazine &amp; Creative Platform Since 2004\",\"publisher\":{\"@id\":\"https:\\\/\\\/nziria.com\\\/#organization\"},\"alternateName\":\"NZIRIA\",\"potentialAction\":[{\"@type\":\"SearchAction\",\"target\":{\"@type\":\"EntryPoint\",\"urlTemplate\":\"https:\\\/\\\/nziria.com\\\/?s={search_term_string}\"},\"query-input\":{\"@type\":\"PropertyValueSpecification\",\"valueRequired\":true,\"valueName\":\"search_term_string\"}}],\"inLanguage\":\"it-IT\"},{\"@type\":\"Organization\",\"@id\":\"https:\\\/\\\/nziria.com\\\/#organization\",\"name\":\"NZIRIA APS\",\"alternateName\":\"NZIRIA Magazine\",\"url\":\"https:\\\/\\\/nziria.com\\\/\",\"logo\":{\"@type\":\"ImageObject\",\"inLanguage\":\"it-IT\",\"@id\":\"https:\\\/\\\/nziria.com\\\/#\\\/schema\\\/logo\\\/image\\\/\",\"url\":\"https:\\\/\\\/nziria.com\\\/wp-content\\\/uploads\\\/2023\\\/05\\\/cropped-NZIRIA-FAVICON-LOGO.png\",\"contentUrl\":\"https:\\\/\\\/nziria.com\\\/wp-content\\\/uploads\\\/2023\\\/05\\\/cropped-NZIRIA-FAVICON-LOGO.png\",\"width\":512,\"height\":512,\"caption\":\"NZIRIA APS\"},\"image\":{\"@id\":\"https:\\\/\\\/nziria.com\\\/#\\\/schema\\\/logo\\\/image\\\/\"},\"sameAs\":[\"https:\\\/\\\/www.facebook.com\\\/nziriagroup\",\"https:\\\/\\\/x.com\\\/NZIRIAgroup\",\"https:\\\/\\\/www.instagram.com\\\/nziria_travel\\\/\",\"https:\\\/\\\/www.pinterest.com\\\/nziriaweb\\\/\",\"https:\\\/\\\/www.youtube.com\\\/user\\\/NZIRIAgroup\",\"https:\\\/\\\/www.linkedin.com\\\/company\\\/nziria\\\/\",\"https:\\\/\\\/open.spotify.com\\\/playlist\\\/3qYSPpq4ptsARRJN5uE2TH?si=3b09c45eb8ee4a88\",\"https:\\\/\\\/www.tiktok.com\\\/@nziriamagazine?_t=8Vsab2ZriJp&_r=1\",\"https:\\\/\\\/www.instagram.com\\\/nziria_magazine\\\/\",\"https:\\\/\\\/www.instagram.com\\\/nziria__beer\\\/\"]},{\"@type\":\"Person\",\"@id\":\"https:\\\/\\\/nziria.com\\\/#\\\/schema\\\/person\\\/15ec4037bb01ba8f27b5be86004e2e2c\",\"name\":\"nziria\",\"sameAs\":[\"http:\\\/\\\/nziria.com\"],\"url\":\"https:\\\/\\\/nziria.com\\\/it\\\/author\\\/nziriadmin\\\/\"}]}<\/script>\n<!-- \/ Yoast SEO plugin. -->","yoast_head_json":{"title":"Giorgio Adamo - Il Dracula italiano - NZIRIA\u00ae Magazine","description":"Arriva nei maggiori teatri italiani VLAD DRACULA, uno spettacolo innovativo che fonde prosa e musical attraverso una drammaturgia cinematografica.","robots":{"index":"index","follow":"follow","max-snippet":"max-snippet:-1","max-image-preview":"max-image-preview:large","max-video-preview":"max-video-preview:-1"},"canonical":"https:\/\/nziria.com\/it\/dracula\/","og_locale":"it_IT","og_type":"article","og_title":"Giorgio Adamo - The Italian Dracula - NZIRIA\u00ae Magazine","og_description":"VLAD DRACULA arrives in the major Italian theaters, an innovative show that blends prose and musicals through a cinematographic dramaturgy.","og_url":"https:\/\/nziria.com\/it\/dracula\/","og_site_name":"NZIRIA\u00ae","article_publisher":"https:\/\/www.facebook.com\/nziriagroup","article_published_time":"2023-01-19T19:43:00+00:00","article_modified_time":"2025-09-13T13:33:35+00:00","og_image":[{"width":1500,"height":1000,"url":"https:\/\/nziria.com\/wp-content\/uploads\/2023\/02\/nziria-dracula-a-nziria-dracula-28-at-nziria-dracula2.34.nziria-dracula9.jpeg","type":"image\/jpeg"}],"author":"nziria","twitter_card":"summary_large_image","twitter_creator":"@NZIRIAgroup","twitter_site":"@NZIRIAgroup","twitter_misc":{"Scritto da":"nziria","Tempo di lettura stimato":"4 minuti"},"schema":{"@context":"https:\/\/schema.org","@graph":[{"@type":"Article","@id":"https:\/\/nziria.com\/dracula\/#article","isPartOf":{"@id":"https:\/\/nziria.com\/dracula\/"},"author":{"name":"nziria","@id":"https:\/\/nziria.com\/#\/schema\/person\/15ec4037bb01ba8f27b5be86004e2e2c"},"headline":"The Italian Dracula: a chat with its amazing performer","datePublished":"2023-01-19T19:43:00+00:00","dateModified":"2025-09-13T13:33:35+00:00","mainEntityOfPage":{"@id":"https:\/\/nziria.com\/dracula\/"},"wordCount":712,"publisher":{"@id":"https:\/\/nziria.com\/#organization"},"image":{"@id":"https:\/\/nziria.com\/dracula\/#primaryimage"},"thumbnailUrl":"https:\/\/nziria.com\/wp-content\/uploads\/2023\/02\/nziria-dracula-a-nziria-dracula-28-at-nziria-dracula2.34.nziria-dracula9.jpeg","articleSection":["Music"],"inLanguage":"it-IT"},{"@type":"WebPage","@id":"https:\/\/nziria.com\/dracula\/","url":"https:\/\/nziria.com\/dracula\/","name":"Giorgio Adamo - Il Dracula italiano - NZIRIA\u00ae Magazine","isPartOf":{"@id":"https:\/\/nziria.com\/#website"},"primaryImageOfPage":{"@id":"https:\/\/nziria.com\/dracula\/#primaryimage"},"image":{"@id":"https:\/\/nziria.com\/dracula\/#primaryimage"},"thumbnailUrl":"https:\/\/nziria.com\/wp-content\/uploads\/2023\/02\/nziria-dracula-a-nziria-dracula-28-at-nziria-dracula2.34.nziria-dracula9.jpeg","datePublished":"2023-01-19T19:43:00+00:00","dateModified":"2025-09-13T13:33:35+00:00","description":"Arriva nei maggiori teatri italiani VLAD DRACULA, uno spettacolo innovativo che fonde prosa e musical attraverso una drammaturgia cinematografica.","breadcrumb":{"@id":"https:\/\/nziria.com\/dracula\/#breadcrumb"},"inLanguage":"it-IT","potentialAction":[{"@type":"ReadAction","target":["https:\/\/nziria.com\/dracula\/"]}]},{"@type":"ImageObject","inLanguage":"it-IT","@id":"https:\/\/nziria.com\/dracula\/#primaryimage","url":"https:\/\/nziria.com\/wp-content\/uploads\/2023\/02\/nziria-dracula-a-nziria-dracula-28-at-nziria-dracula2.34.nziria-dracula9.jpeg","contentUrl":"https:\/\/nziria.com\/wp-content\/uploads\/2023\/02\/nziria-dracula-a-nziria-dracula-28-at-nziria-dracula2.34.nziria-dracula9.jpeg","width":1500,"height":1000,"caption":"NZIRIA DRACULA NZIRIA Giorgio Adamo The Italian Dracula: a chat with its amazing performer artist, Salerno"},{"@type":"BreadcrumbList","@id":"https:\/\/nziria.com\/dracula\/#breadcrumb","itemListElement":[{"@type":"ListItem","position":1,"name":"Home","item":"https:\/\/nziria.com\/"},{"@type":"ListItem","position":2,"name":"Music","item":"https:\/\/nziria.com\/category\/nziria-music-insights\/"},{"@type":"ListItem","position":3,"name":"The Italian Dracula: a chat with its amazing performer"}]},{"@type":"WebSite","@id":"https:\/\/nziria.com\/#website","url":"https:\/\/nziria.com\/","name":"NZIRIA\u00ae Marchio culturale ufficiale e rivista indipendente dal 2004","description":"Marchio culturale ufficiale, rivista e piattaforma creativa dal 2004","publisher":{"@id":"https:\/\/nziria.com\/#organization"},"alternateName":"NZIRIA","potentialAction":[{"@type":"SearchAction","target":{"@type":"EntryPoint","urlTemplate":"https:\/\/nziria.com\/?s={search_term_string}"},"query-input":{"@type":"PropertyValueSpecification","valueRequired":true,"valueName":"search_term_string"}}],"inLanguage":"it-IT"},{"@type":"Organization","@id":"https:\/\/nziria.com\/#organization","name":"NZIRIA APS","alternateName":"NZIRIA Magazine","url":"https:\/\/nziria.com\/","logo":{"@type":"ImageObject","inLanguage":"it-IT","@id":"https:\/\/nziria.com\/#\/schema\/logo\/image\/","url":"https:\/\/nziria.com\/wp-content\/uploads\/2023\/05\/cropped-NZIRIA-FAVICON-LOGO.png","contentUrl":"https:\/\/nziria.com\/wp-content\/uploads\/2023\/05\/cropped-NZIRIA-FAVICON-LOGO.png","width":512,"height":512,"caption":"NZIRIA APS"},"image":{"@id":"https:\/\/nziria.com\/#\/schema\/logo\/image\/"},"sameAs":["https:\/\/www.facebook.com\/nziriagroup","https:\/\/x.com\/NZIRIAgroup","https:\/\/www.instagram.com\/nziria_travel\/","https:\/\/www.pinterest.com\/nziriaweb\/","https:\/\/www.youtube.com\/user\/NZIRIAgroup","https:\/\/www.linkedin.com\/company\/nziria\/","https:\/\/open.spotify.com\/playlist\/3qYSPpq4ptsARRJN5uE2TH?si=3b09c45eb8ee4a88","https:\/\/www.tiktok.com\/@nziriamagazine?_t=8Vsab2ZriJp&_r=1","https:\/\/www.instagram.com\/nziria_magazine\/","https:\/\/www.instagram.com\/nziria__beer\/"]},{"@type":"Person","@id":"https:\/\/nziria.com\/#\/schema\/person\/15ec4037bb01ba8f27b5be86004e2e2c","name":"nziria","sameAs":["http:\/\/nziria.com"],"url":"https:\/\/nziria.com\/it\/author\/nziriadmin\/"}]}},"_links":{"self":[{"href":"https:\/\/nziria.com\/it\/wp-json\/wp\/v2\/posts\/5384","targetHints":{"allow":["GET"]}}],"collection":[{"href":"https:\/\/nziria.com\/it\/wp-json\/wp\/v2\/posts"}],"about":[{"href":"https:\/\/nziria.com\/it\/wp-json\/wp\/v2\/types\/post"}],"author":[{"embeddable":true,"href":"https:\/\/nziria.com\/it\/wp-json\/wp\/v2\/users\/1"}],"replies":[{"embeddable":true,"href":"https:\/\/nziria.com\/it\/wp-json\/wp\/v2\/comments?post=5384"}],"version-history":[{"count":1,"href":"https:\/\/nziria.com\/it\/wp-json\/wp\/v2\/posts\/5384\/revisions"}],"predecessor-version":[{"id":9096,"href":"https:\/\/nziria.com\/it\/wp-json\/wp\/v2\/posts\/5384\/revisions\/9096"}],"wp:featuredmedia":[{"embeddable":true,"href":"https:\/\/nziria.com\/it\/wp-json\/wp\/v2\/media\/5449"}],"wp:attachment":[{"href":"https:\/\/nziria.com\/it\/wp-json\/wp\/v2\/media?parent=5384"}],"wp:term":[{"taxonomy":"category","embeddable":true,"href":"https:\/\/nziria.com\/it\/wp-json\/wp\/v2\/categories?post=5384"},{"taxonomy":"post_tag","embeddable":true,"href":"https:\/\/nziria.com\/it\/wp-json\/wp\/v2\/tags?post=5384"}],"curies":[{"name":"wp","href":"https:\/\/api.w.org\/{rel}","templated":true}]}}